{"id":10617,"date":"2018-12-18T21:41:45","date_gmt":"2018-12-18T21:41:45","guid":{"rendered":"http:\/\/www.viamontenapo.com\/mi-news\/?p=10617"},"modified":"2018-12-25T21:42:12","modified_gmt":"2018-12-25T21:42:12","slug":"lombardia-design-hub","status":"publish","type":"post","link":"http:\/\/www.viamontenapo.com\/mi-news\/?p=10617","title":{"rendered":"&#8216;LOMBARDIA DESIGN HUB&#8217;"},"content":{"rendered":"<p>Regione Lombardia si trasforma in un &#8216;Hub del design e della creativit\u00e0. Domani, mercoled\u00ec 19 dicembre, l&#8217;assessore al Turismo, Marketing territoriale e Moda di Regione Lombardia, Lara Magoni, dar\u00e0 il via a &#8216;Lombardia Design Hub&#8217;, un hackathon finalizzato alla raccolta e selezione di progetti che sviluppino in maniera innovativa e creativa gli spazi regionali, dalla piazza sino agli interni del Palazzo.<br \/>\nL&#8217;hackathon coinvolger\u00e0 120 tra studenti delle scuole di design e professionisti under 35, che dalle 10 sino alle 22 circa lavoreranno in gruppo e saranno supportati nello sviluppo delle progettualit\u00e0 da autorevoli esperti del settore. Le proposte presentate saranno valutate da una commissione composta da rappresentanti di Regione Lombardia e da esponenti di associazioni del settore e del mondo accademico: testimonial d&#8217;eccezione e presidente di giuria sar\u00e0 il noto architetto e designer Fabio Novembre, autore di progetti e realizzazioni che lo hanno reso famoso in tutto il mondo.<br \/>\n&#8211; ore 10, Palazzo Lombardia (piazza Citt\u00e0 di Lombardia, 1 &#8211; Milano), ingresso N4, Sala Biagi, primo piano. <\/p>\n","protected":false},"excerpt":{"rendered":"<p>Regione Lombardia si trasforma in un &#8216;Hub del design e della creativit\u00e0. Domani, mercoled\u00ec 19 dicembre, l&#8217;assessore al Turismo, Marketing territoriale e Moda di Regione Lombardia, Lara Magoni, dar\u00e0 il via a &#8216;Lombardia Design Hub&#8217;, un hackathon finalizzato alla raccolta e selezione di progetti che sviluppino in maniera innovativa e creativa gli spazi regionali, dalla &hellip; <a href=\"http:\/\/www.viamontenapo.com\/mi-news\/?p=10617\" class=\"more-link\">Leggi tutto<span class=\"screen-reader-text\"> &#8220;&#8216;LOMBARDIA DESIGN HUB&#8217;&#8221;<\/span><\/a><\/p>\n","protected":false},"author":1,"featured_media":10618,"comment_status":"open","ping_status":"open","sticky":false,"template":"","format":"standard","meta":{"footnotes":""},"categories":[1],"tags":[],"class_list":["post-10617","post","type-post","status-publish","format-standard","has-post-thumbnail","hentry","category-via-montenapoleone"],"_links":{"self":[{"href":"http:\/\/www.viamontenapo.com\/mi-news\/index.php?rest_route=\/wp\/v2\/posts\/10617","targetHints":{"allow":["GET"]}}],"collection":[{"href":"http:\/\/www.viamontenapo.com\/mi-news\/index.php?rest_route=\/wp\/v2\/posts"}],"about":[{"href":"http:\/\/www.viamontenapo.com\/mi-news\/index.php?rest_route=\/wp\/v2\/types\/post"}],"author":[{"embeddable":true,"href":"http:\/\/www.viamontenapo.com\/mi-news\/index.php?rest_route=\/wp\/v2\/users\/1"}],"replies":[{"embeddable":true,"href":"http:\/\/www.viamontenapo.com\/mi-news\/index.php?rest_route=%2Fwp%2Fv2%2Fcomments&post=10617"}],"version-history":[{"count":1,"href":"http:\/\/www.viamontenapo.com\/mi-news\/index.php?rest_route=\/wp\/v2\/posts\/10617\/revisions"}],"predecessor-version":[{"id":10619,"href":"http:\/\/www.viamontenapo.com\/mi-news\/index.php?rest_route=\/wp\/v2\/posts\/10617\/revisions\/10619"}],"wp:featuredmedia":[{"embeddable":true,"href":"http:\/\/www.viamontenapo.com\/mi-news\/index.php?rest_route=\/wp\/v2\/media\/10618"}],"wp:attachment":[{"href":"http:\/\/www.viamontenapo.com\/mi-news\/index.php?rest_route=%2Fwp%2Fv2%2Fmedia&parent=10617"}],"wp:term":[{"taxonomy":"category","embeddable":true,"href":"http:\/\/www.viamontenapo.com\/mi-news\/index.php?rest_route=%2Fwp%2Fv2%2Fcategories&post=10617"},{"taxonomy":"post_tag","embeddable":true,"href":"http:\/\/www.viamontenapo.com\/mi-news\/index.php?rest_route=%2Fwp%2Fv2%2Ftags&post=10617"}],"curies":[{"name":"wp","href":"https:\/\/api.w.org\/{rel}","templated":true}]}}