{"id":15690,"date":"2023-02-24T17:30:35","date_gmt":"2023-02-24T16:30:35","guid":{"rendered":"http:\/\/www.viamontenapo.com\/mi-news\/?p=15690"},"modified":"2023-02-27T17:03:49","modified_gmt":"2023-02-27T16:03:49","slug":"cuore-della-moda","status":"publish","type":"post","link":"http:\/\/www.viamontenapo.com\/mi-news\/?p=15690","title":{"rendered":"CUORE DELLA MODA"},"content":{"rendered":"<p>&#8220;La Milano Fashion Week ed eventi come White confermano, ancora una volta, la centralit\u00e0 della Lombardia in un settore nevralgico come la moda. Celebriamo le numerose aziende artigiane del Made in Italy, che con una visione lungimirante hanno saputo resistere ad anni difficili e oggi rilanciano il nostro brand in tutto il mondo. Il valore delle produzioni \u00e8 frutto di impegno e passione quotidiana di migliaia di operatori e professionisti che lavorano con una particolare attenzione alla sostenibilit\u00e0, all&#8217;ambiente e alla qualit\u00e0 del prodotto&#8221;. Cos\u00ec l&#8217;assessore regionale al Turismo, Marketing territoriale e Moda, Lara Magoni, a margine dell&#8217;inaugurazione del salone &#8216;White&#8217;, vetrina internazionale della moda contemporary, in programma dal 24 al 27 febbraio al Tortona Fashion District.<\/p>\n<p>&#8220;Il settore della moda &#8211; ricorda l&#8217;assessore &#8211; \u00e8 uno dei volani dell&#8217;economia lombarda, con numeri importanti: un giro d&#8217;affari pari a 26 miliardi di euro, con oltre 28.00 imprese che danno lavoro a pi\u00f9 di 180.000 persone. In tal senso, Regione Lombardia da sempre sostiene la filiera con azioni concrete. Durante il mio quinquennio da assessore, abbiamo stanziato pi\u00f9 di 38 milioni di euro per il comparto moda e design. Un&#8217;attenzione verso imprese lombarde che hanno deciso di investire in produzioni di valore, capaci di eccellere a livello internazionale grazie a ingegno, innovazione e quel &#8216;saper fare artigiano&#8217; tratto distintivo del Made in Lombardy nel mondo&#8221;.<\/p>\n","protected":false},"excerpt":{"rendered":"<p>&#8220;La Milano Fashion Week ed eventi come White confermano, ancora una volta, la centralit\u00e0 della Lombardia in un settore nevralgico come la moda. Celebriamo le numerose aziende artigiane del Made in Italy, che con una visione lungimirante hanno saputo resistere ad anni difficili e oggi rilanciano il nostro brand in tutto il mondo. Il valore &hellip; <a href=\"http:\/\/www.viamontenapo.com\/mi-news\/?p=15690\" class=\"more-link\">Leggi tutto<span class=\"screen-reader-text\"> &#8220;CUORE DELLA MODA&#8221;<\/span><\/a><\/p>\n","protected":false},"author":1,"featured_media":0,"comment_status":"closed","ping_status":"open","sticky":false,"template":"","format":"standard","meta":{"footnotes":""},"categories":[1],"tags":[21],"class_list":["post-15690","post","type-post","status-publish","format-standard","hentry","category-via-montenapoleone","tag-via_monte_napoleone_milano"],"_links":{"self":[{"href":"http:\/\/www.viamontenapo.com\/mi-news\/index.php?rest_route=\/wp\/v2\/posts\/15690","targetHints":{"allow":["GET"]}}],"collection":[{"href":"http:\/\/www.viamontenapo.com\/mi-news\/index.php?rest_route=\/wp\/v2\/posts"}],"about":[{"href":"http:\/\/www.viamontenapo.com\/mi-news\/index.php?rest_route=\/wp\/v2\/types\/post"}],"author":[{"embeddable":true,"href":"http:\/\/www.viamontenapo.com\/mi-news\/index.php?rest_route=\/wp\/v2\/users\/1"}],"replies":[{"embeddable":true,"href":"http:\/\/www.viamontenapo.com\/mi-news\/index.php?rest_route=%2Fwp%2Fv2%2Fcomments&post=15690"}],"version-history":[{"count":1,"href":"http:\/\/www.viamontenapo.com\/mi-news\/index.php?rest_route=\/wp\/v2\/posts\/15690\/revisions"}],"predecessor-version":[{"id":15691,"href":"http:\/\/www.viamontenapo.com\/mi-news\/index.php?rest_route=\/wp\/v2\/posts\/15690\/revisions\/15691"}],"wp:attachment":[{"href":"http:\/\/www.viamontenapo.com\/mi-news\/index.php?rest_route=%2Fwp%2Fv2%2Fmedia&parent=15690"}],"wp:term":[{"taxonomy":"category","embeddable":true,"href":"http:\/\/www.viamontenapo.com\/mi-news\/index.php?rest_route=%2Fwp%2Fv2%2Fcategories&post=15690"},{"taxonomy":"post_tag","embeddable":true,"href":"http:\/\/www.viamontenapo.com\/mi-news\/index.php?rest_route=%2Fwp%2Fv2%2Ftags&post=15690"}],"curies":[{"name":"wp","href":"https:\/\/api.w.org\/{rel}","templated":true}]}}