{"id":15764,"date":"2023-05-05T15:19:27","date_gmt":"2023-05-05T14:19:27","guid":{"rendered":"http:\/\/www.viamontenapo.com\/mi-news\/?p=15764"},"modified":"2023-05-09T09:20:24","modified_gmt":"2023-05-09T08:20:24","slug":"civil-week-2","status":"publish","type":"post","link":"http:\/\/www.viamontenapo.com\/mi-news\/?p=15764","title":{"rendered":"CIVIL WEEK"},"content":{"rendered":"<p>&#8216;La bellezza ritrovata&#8217; \u00e8 la sfilata allestita oggi nella Loggia di Palazzo Giureconsulti a Milano per celebrare 31 donne, di cui 19 con diagnosi oncologica, attraverso le loro storie di coraggio, sorellanza e bellezza.<\/p>\n<p>Le protagoniste porteranno in scena gli abiti disegnati dallo stilista Antonio Marras che con le sue creazioni sartoriali ha saputo rielaborare gli abiti e gli accessori che le donne hanno scelto perch\u00e9 densi di ricordi e di particolari momenti vissuti durante la malattia e la cura.<\/p>\n<p>&#8220;Per Regione Lombardia la qualit\u00e0 della vita e l&#8217;inclusione sociale delle persone malate e sottoposte a terapia oncologica restano prioritari. Vedersi meglio per sentirsi meglio \u00e8 una strategia per far fronte al disagio e alla solitudine che spesso si accompagnano alla malattia&#8221; dichiara l&#8217;assessore alla Famiglia, Solidariet\u00e0 sociale, Disabilit\u00e0 e Pari opportunit\u00e0, Elena Lucchini, che parteciper\u00e0 alla sfilata insieme ad altre rappresentati delle Istituzioni, donne del mondo dell&#8217;arte e dello spettacolo e al personale civile e sanitario.<\/p>\n<p>Infine, conclude l&#8217;esponente della Giunta lombarda, &#8220;grazie all&#8217;ingegno dello stilista che ci ha offerto questa metafora della trasformazione possibile dentro ciascuno noi di fronte alle prove della vita. Grazie agli operatori sanitari e ai volontari ma grazie soprattutto alle pazienti che testimoniano ogni giorno il coraggio delle donne&#8221;.<\/p>\n","protected":false},"excerpt":{"rendered":"<p>&#8216;La bellezza ritrovata&#8217; \u00e8 la sfilata allestita oggi nella Loggia di Palazzo Giureconsulti a Milano per celebrare 31 donne, di cui 19 con diagnosi oncologica, attraverso le loro storie di coraggio, sorellanza e bellezza. Le protagoniste porteranno in scena gli abiti disegnati dallo stilista Antonio Marras che con le sue creazioni sartoriali ha saputo rielaborare &hellip; <a href=\"http:\/\/www.viamontenapo.com\/mi-news\/?p=15764\" class=\"more-link\">Leggi tutto<span class=\"screen-reader-text\"> &#8220;CIVIL WEEK&#8221;<\/span><\/a><\/p>\n","protected":false},"author":1,"featured_media":0,"comment_status":"closed","ping_status":"open","sticky":false,"template":"","format":"standard","meta":{"footnotes":""},"categories":[1],"tags":[21],"class_list":["post-15764","post","type-post","status-publish","format-standard","hentry","category-via-montenapoleone","tag-via_monte_napoleone_milano"],"_links":{"self":[{"href":"http:\/\/www.viamontenapo.com\/mi-news\/index.php?rest_route=\/wp\/v2\/posts\/15764","targetHints":{"allow":["GET"]}}],"collection":[{"href":"http:\/\/www.viamontenapo.com\/mi-news\/index.php?rest_route=\/wp\/v2\/posts"}],"about":[{"href":"http:\/\/www.viamontenapo.com\/mi-news\/index.php?rest_route=\/wp\/v2\/types\/post"}],"author":[{"embeddable":true,"href":"http:\/\/www.viamontenapo.com\/mi-news\/index.php?rest_route=\/wp\/v2\/users\/1"}],"replies":[{"embeddable":true,"href":"http:\/\/www.viamontenapo.com\/mi-news\/index.php?rest_route=%2Fwp%2Fv2%2Fcomments&post=15764"}],"version-history":[{"count":1,"href":"http:\/\/www.viamontenapo.com\/mi-news\/index.php?rest_route=\/wp\/v2\/posts\/15764\/revisions"}],"predecessor-version":[{"id":15765,"href":"http:\/\/www.viamontenapo.com\/mi-news\/index.php?rest_route=\/wp\/v2\/posts\/15764\/revisions\/15765"}],"wp:attachment":[{"href":"http:\/\/www.viamontenapo.com\/mi-news\/index.php?rest_route=%2Fwp%2Fv2%2Fmedia&parent=15764"}],"wp:term":[{"taxonomy":"category","embeddable":true,"href":"http:\/\/www.viamontenapo.com\/mi-news\/index.php?rest_route=%2Fwp%2Fv2%2Fcategories&post=15764"},{"taxonomy":"post_tag","embeddable":true,"href":"http:\/\/www.viamontenapo.com\/mi-news\/index.php?rest_route=%2Fwp%2Fv2%2Ftags&post=15764"}],"curies":[{"name":"wp","href":"https:\/\/api.w.org\/{rel}","templated":true}]}}