{"id":15859,"date":"2023-07-25T17:37:02","date_gmt":"2023-07-25T16:37:02","guid":{"rendered":"http:\/\/www.viamontenapo.com\/mi-news\/?p=15859"},"modified":"2023-07-26T10:37:43","modified_gmt":"2023-07-26T09:37:43","slug":"mondiali-scherma","status":"publish","type":"post","link":"http:\/\/www.viamontenapo.com\/mi-news\/?p=15859","title":{"rendered":"MONDIALI SCHERMA"},"content":{"rendered":"<p>&#8220;L&#8217;ennesimo e importante &#8216;grande evento&#8217; che conferma la capacit\u00e0 organizzativa del nostro territorio. Ancora una volta, Governo, Regione, Comune e Coni &#8216;fanno squadra&#8217; proponendo uno spettacolo che va oltre il valore sportivo&#8221;. Lo ha detto il presidente della Regione Lombardia, Attilio Fontana, in occasione della cerimonia d&#8217;inaugurazione dei Mondiali di Scherma 2023 in programma fino al 30 luglio a Milano all&#8217;Allianz MiCo, cui ha preso parte il presidente della Repubblica Sergio Mattarella.<\/p>\n<p>&#8220;Ovviamente &#8211; aggiunge il governatore &#8211; per celebrare al meglio questa fantastica festa, ci auguriamo che le atlete e gli atleti azzurri siano protagonisti, onorando al meglio quella che \u00e8 stata la citt\u00e0 di Edoardo Mangiarotti, uno dei pi\u00f9 grandi schermitori della storia di sempre di questo sport&#8221;.<\/p>\n","protected":false},"excerpt":{"rendered":"<p>&#8220;L&#8217;ennesimo e importante &#8216;grande evento&#8217; che conferma la capacit\u00e0 organizzativa del nostro territorio. Ancora una volta, Governo, Regione, Comune e Coni &#8216;fanno squadra&#8217; proponendo uno spettacolo che va oltre il valore sportivo&#8221;. Lo ha detto il presidente della Regione Lombardia, Attilio Fontana, in occasione della cerimonia d&#8217;inaugurazione dei Mondiali di Scherma 2023 in programma fino &hellip; <a href=\"http:\/\/www.viamontenapo.com\/mi-news\/?p=15859\" class=\"more-link\">Leggi tutto<span class=\"screen-reader-text\"> &#8220;MONDIALI SCHERMA&#8221;<\/span><\/a><\/p>\n","protected":false},"author":1,"featured_media":0,"comment_status":"closed","ping_status":"open","sticky":false,"template":"","format":"standard","meta":{"footnotes":""},"categories":[1],"tags":[21],"class_list":["post-15859","post","type-post","status-publish","format-standard","hentry","category-via-montenapoleone","tag-via_monte_napoleone_milano"],"_links":{"self":[{"href":"http:\/\/www.viamontenapo.com\/mi-news\/index.php?rest_route=\/wp\/v2\/posts\/15859","targetHints":{"allow":["GET"]}}],"collection":[{"href":"http:\/\/www.viamontenapo.com\/mi-news\/index.php?rest_route=\/wp\/v2\/posts"}],"about":[{"href":"http:\/\/www.viamontenapo.com\/mi-news\/index.php?rest_route=\/wp\/v2\/types\/post"}],"author":[{"embeddable":true,"href":"http:\/\/www.viamontenapo.com\/mi-news\/index.php?rest_route=\/wp\/v2\/users\/1"}],"replies":[{"embeddable":true,"href":"http:\/\/www.viamontenapo.com\/mi-news\/index.php?rest_route=%2Fwp%2Fv2%2Fcomments&post=15859"}],"version-history":[{"count":1,"href":"http:\/\/www.viamontenapo.com\/mi-news\/index.php?rest_route=\/wp\/v2\/posts\/15859\/revisions"}],"predecessor-version":[{"id":15860,"href":"http:\/\/www.viamontenapo.com\/mi-news\/index.php?rest_route=\/wp\/v2\/posts\/15859\/revisions\/15860"}],"wp:attachment":[{"href":"http:\/\/www.viamontenapo.com\/mi-news\/index.php?rest_route=%2Fwp%2Fv2%2Fmedia&parent=15859"}],"wp:term":[{"taxonomy":"category","embeddable":true,"href":"http:\/\/www.viamontenapo.com\/mi-news\/index.php?rest_route=%2Fwp%2Fv2%2Fcategories&post=15859"},{"taxonomy":"post_tag","embeddable":true,"href":"http:\/\/www.viamontenapo.com\/mi-news\/index.php?rest_route=%2Fwp%2Fv2%2Ftags&post=15859"}],"curies":[{"name":"wp","href":"https:\/\/api.w.org\/{rel}","templated":true}]}}