{"id":17262,"date":"2026-04-28T10:10:00","date_gmt":"2026-04-28T09:10:00","guid":{"rendered":"http:\/\/www.viamontenapo.com\/mi-news\/?p=17262"},"modified":"2026-04-17T09:41:14","modified_gmt":"2026-04-17T08:41:14","slug":"bread","status":"publish","type":"post","link":"http:\/\/www.viamontenapo.com\/mi-news\/?p=17262","title":{"rendered":"BREAD"},"content":{"rendered":"\n<p>Dal 7 maggio al 28 giugno 2026 lo Spazio Messina di Fabbrica del Vapore a Milano ospita SACRED BREAD Le vie del pane, la mostra fotografica di Stefano Torrione, prodotta da Fabbrica del Vapore &#8211; Comune di Milano e da Massimo Pozzi Chiesa con Sinergia Venture. Un grande viaggio per immagini che attraversa geografie, culture e millenni di storia alla ricerca dei pani pi\u00f9 antichi dell\u2019umanit\u00e0, quelli che ancora oggi vengono preparati secondo codici millenari.<\/p>\n\n\n\n<p>Fotografo ed etnografo, Stefano Torrione ha intrapreso questo viaggio ispirato dalla lettura del libro Pane Nostro di Predrag Matvejevi\u0107. Per oltre sei anni ha seguito quello che lui stesso definisce il \u201cgrande vagabondaggio del pane\u201d, immergendosi nel cuore profondo delle civilt\u00e0 mediterranee dove il pane continua a vivere nelle tradizioni pi\u00f9 antiche, nei gesti tramandati di generazione in generazione, nei rituali quotidiani e nelle feste popolari.<\/p>\n\n\n\n<p>Gabriel Bauret nel testo critico che accompagna la mostra scrive: &#8220;Per un fotografo che ha costruito gran parte del proprio lavoro sul viaggio e si muove con familiarit\u00e0 in culture molto diverse tra loro, esplorare la tradizione del pane e i territori che la riguardano \u00e8 una scelta naturale\u201d.<\/p>\n\n\n\n<p>Con 77 fotografie in bianco e nero, Torrione accompagna il pubblico in un itinerario circolare di sedici tappe attorno al bacino del Mediterraneo, ripercorrendo le rotte ancestrali del pane: dalla\u00a0Mesopotamia\u00a0alle sponde del Mar Mediterraneo, dal\u00a0Corno d\u2019Africa\u00a0all\u2019Algeria\u00a0e ai\u00a0monti del Marocco, dalla\u00a0Spagna\u00a0alla\u00a0Francia, fino all\u2019Italia. Il viaggio prosegue poi attraverso\u00a0Sarajevo, la\u00a0Grecia del Monte Athos\u00a0e giunge fino a\u00a0Konya, antica citt\u00e0 della Turchia dove \u00e8 stato ritrovato il pane pi\u00f9 antico del mondo.<\/p>\n\n\n\n<p>Tre delle sedici tappe del progetto si trovano in\u00a0Italia, in Sardegna, Sicilia\u00a0e della\u00a0Puglia dove il\u00a0Pane Sacro\u00a0assume un ruolo centrale, non solo per la sua posizione geografica nel cuore del Mediterraneo, ma anche per il ruolo storico di crocevia di civilt\u00e0, tradizioni e culture che nei secoli hanno attraversato e plasmato questo mare. I pani rituali in tutte queste culture raccontano un patrimonio straordinario fatto di celebrazioni religiose, simboli e antichi saperi artigianali, in cui il pane \u00e8 sempre stato molto pi\u00f9 di un alimento.<\/p>\n\n\n\n<p>Il pane \u00e8 simbolo universale di\u00a0vita, fede e condivisione: nato da un semplice impasto di acqua e farina e trasformato dal fuoco, \u00e8 da millenni il nutrimento primario dell\u2019uomo, ma \u00e8 anche metafora dell\u2019esistenza, rappresentando il lavoro, la fatica, la generosit\u00e0 e la ricompensa. Inoltre, nelle tre grandi religioni monoteistiche il pane assume una dimensione profondamente\u00a0sacra. \u00c8 consacrato nel\u00a0Talmud per l\u2019ebraismo, nella\u00a0Bibbia per le religioni cristiana e ortodosso ed \u00e8 menzionato nel\u00a0Corano per l\u2019Islam, diventando ponte spirituale tra l\u2019uomo e il divino. \u00c8 nel bacino del Mare Nostrum \u2013 dove millenni fa fu seminato il primo grano \u2013 che questa cultura continua a vivere ogni giorno: qui il\u00a0Pane Sacro\u00a0conserva sulla propria crosta i segni della storia e fotografarlo \u00e8 come ritrarre e restituire l&#8217;Umanit\u00e0.<\/p>\n\n\n\n<p>Il progetto SACRED BREAD Le vie del pane\u00a0si inserisce nella grande tradizione della\u00a0Fotografia Umanistica, ispirata allo sguardo di autori come\u00a0Larry Towell\u00a0e\u00a0Abbas. \u00c8 una narrazione epica che attraversa popoli e territori, restituendo valore a quel patrimonio immateriale che spesso rimane nascosto all\u2019ombra della modernit\u00e0 e che merita di tornare alla luce.<\/p>\n\n\n\n<p>Per Stefano Torrione percorrere\u00a0\u201cla strada del pane\u201d\u00a0\u00e8 una vera missione, guidata da una passione profonda e da uno spirito quasi rituale e il fotografo condivide quanto scrive\u00a0Erri De Luca\u00a0nella postfazione di\u00a0Pane Nostro:\u00a0\u00abIl pane \u00e8 un trattato di pace\u00bb. In questa prospettiva\u00a0SACRED BREAD\u00a0diventa anche un invito a riflettere sui conflitti del nostro tempo, ricordando ci\u00f2 che accomuna le culture pi\u00f9 di quanto le divida.<\/p>\n\n\n\n<p>La mostra \u00e8 accompagnata da un libro edito da MI-HUB SRL che funger\u00e0 anche da partner per la parte di comunicazione. Altro partner fondamentale logistico \u00e8 Italmondo Spa che fornir\u00e0 il supporto per lo spostamento delle opere e degli allestimenti ed Artinstinct ecosistema in ambito artistico culturale, che si occupa di sviluppo informatico, media partnership, divulgazione, vendita, e gestione per gli artisti a 360\u00b0 e che fornir\u00e0 supporto tecnico e tecnologico per la mostra.\u00a0<\/p>\n","protected":false},"excerpt":{"rendered":"<p>Dal 7 maggio al 28 giugno 2026 lo Spazio Messina di Fabbrica del Vapore a Milano ospita SACRED BREAD Le vie del pane, la mostra fotografica di Stefano Torrione, prodotta da Fabbrica del Vapore &#8211; Comune di Milano e da Massimo Pozzi Chiesa con Sinergia Venture. Un grande viaggio per immagini che attraversa geografie, culture &hellip; <a href=\"http:\/\/www.viamontenapo.com\/mi-news\/?p=17262\" class=\"more-link\">Leggi tutto<span class=\"screen-reader-text\"> &#8220;BREAD&#8221;<\/span><\/a><\/p>\n","protected":false},"author":1,"featured_media":0,"comment_status":"closed","ping_status":"open","sticky":false,"template":"","format":"standard","meta":{"footnotes":""},"categories":[15],"tags":[21],"class_list":["post-17262","post","type-post","status-publish","format-standard","hentry","category-memo-maddy","tag-via_monte_napoleone_milano"],"_links":{"self":[{"href":"http:\/\/www.viamontenapo.com\/mi-news\/index.php?rest_route=\/wp\/v2\/posts\/17262","targetHints":{"allow":["GET"]}}],"collection":[{"href":"http:\/\/www.viamontenapo.com\/mi-news\/index.php?rest_route=\/wp\/v2\/posts"}],"about":[{"href":"http:\/\/www.viamontenapo.com\/mi-news\/index.php?rest_route=\/wp\/v2\/types\/post"}],"author":[{"embeddable":true,"href":"http:\/\/www.viamontenapo.com\/mi-news\/index.php?rest_route=\/wp\/v2\/users\/1"}],"replies":[{"embeddable":true,"href":"http:\/\/www.viamontenapo.com\/mi-news\/index.php?rest_route=%2Fwp%2Fv2%2Fcomments&post=17262"}],"version-history":[{"count":1,"href":"http:\/\/www.viamontenapo.com\/mi-news\/index.php?rest_route=\/wp\/v2\/posts\/17262\/revisions"}],"predecessor-version":[{"id":17263,"href":"http:\/\/www.viamontenapo.com\/mi-news\/index.php?rest_route=\/wp\/v2\/posts\/17262\/revisions\/17263"}],"wp:attachment":[{"href":"http:\/\/www.viamontenapo.com\/mi-news\/index.php?rest_route=%2Fwp%2Fv2%2Fmedia&parent=17262"}],"wp:term":[{"taxonomy":"category","embeddable":true,"href":"http:\/\/www.viamontenapo.com\/mi-news\/index.php?rest_route=%2Fwp%2Fv2%2Fcategories&post=17262"},{"taxonomy":"post_tag","embeddable":true,"href":"http:\/\/www.viamontenapo.com\/mi-news\/index.php?rest_route=%2Fwp%2Fv2%2Ftags&post=17262"}],"curies":[{"name":"wp","href":"https:\/\/api.w.org\/{rel}","templated":true}]}}