{"id":12944,"date":"2020-09-10T09:09:25","date_gmt":"2020-09-10T08:09:25","guid":{"rendered":"http:\/\/www.viamontenapo.com\/mi-news\/?p=12944"},"modified":"2020-09-10T10:14:38","modified_gmt":"2020-09-10T09:14:38","slug":"genio-e-creativita","status":"publish","type":"post","link":"https:\/\/www.viamontenapo.com\/mi-news\/?p=12944","title":{"rendered":"GENIO E CREATIVIT\u00c0"},"content":{"rendered":"<p class=\"paragraph\">&#8220;Un premio che assume un significato particolare, che testimonia il nuovo slancio di un settore, il design, fondamentale per l&#8217;economia della Lombardia e del Paese. Estro, genio e fantasia sono le caratteristiche del nostro &#8216;saper fare&#8217; artigiano, qualit\u00e0 che rendono il Made in Italy vincente. Il design ci porter\u00e0 dove ci siamo fermati, il &#8216;motore&#8217; di oggi, ieri e domani&#8221;. Cos\u00ec l&#8217;assessore regionale al Turismo, Moda e Marketing Territoriale \u00e8 intervenuta nel corso della cerimonia di assegnazione del &#8216;XVI Premio Compasso d&#8217;Oro ADI&#8217;.<br \/>\nUn&#8217;edizione davvero importante, perch\u00e9 &#8220;per la prima volta &#8211; ha ricordato l&#8217;assessore regionale &#8211; gli oggetti premiati hanno una casa, grazie all&#8217;apertura dell&#8217;ADI Design Museum-Compasso d&#8217;Oro di Milano, un luogo dove saranno raccolti ed esposti i pezzi appartenenti alla Collezione storica che hanno reso celebre in tutto il mondo la creativit\u00e0 italiana&#8221;.<\/p>\n<p class=\"paragraph\">&#8220;L&#8217;apertura del nuovo polo del design italiano &#8211; ha sottolineato l&#8217;assessore &#8211; permetter\u00e0 al grande pubblico di conoscere gli oggetti appartenenti a una tradizione celebre in tutto il mondo. Ed \u00e8 particolarmente significativo che il Museo sia ospitato da Milano e dalla nostra Lombardia, terra della creativit\u00e0, dove l&#8217;intuito, la passione e le competenze di donne e uomini permettono alle aziende del territorio di essere competitive a livello internazionale&#8221;.<\/p>\n<p class=\"paragraph\">La crisi ha colpito nel cuore un ambito strategico, che d\u00e0 lavoro a migliaia di persone. In tal senso l&#8217;impegno di Regione Lombardia \u00e8 rivolto alla &#8220;valorizzazione del design &#8211; ha detto l&#8217;assessore &#8211; come driver di crescita economica, ma anche di forte riconoscibilit\u00e0, un elemento di creativit\u00e0 che unisce trasversalmente i nostri territori aumentandone l&#8217;attrattivit\u00e0 nazionale e internazionale e che oggi pu\u00f2 aiutarci a riposizionare la nostra immagine&#8221;.<\/p>\n<p class=\"paragraph\">&#8220;Anche per questo, Regione Lombardia &#8211; ha concluso l&#8217;assessore &#8211; ha di recente stanziato 385.000 euro attraverso la misura &#8216;New Design &#8211; Innovazione tecnologica&#8217; per sostenere le micro, piccole e medie imprese nel settore del design che hanno effettuato investimenti nel 2020. Il bando aprir\u00e0 il prossimo 22 settembre e chiuder\u00e0 il 15 ottobre. Il design pu\u00f2 e deve essere un valore aggiunto per far ripartire l&#8217;economia nazionale&#8221;.<\/p>\n","protected":false},"excerpt":{"rendered":"<p>&#8220;Un premio che assume un significato particolare, che testimonia il nuovo slancio di un settore, il design, fondamentale per l&#8217;economia della Lombardia e del Paese. Estro, genio e fantasia sono le caratteristiche del nostro &#8216;saper fare&#8217; artigiano, qualit\u00e0 che rendono il Made in Italy vincente. Il design ci porter\u00e0 dove ci siamo fermati, il &#8216;motore&#8217; &hellip; <a href=\"https:\/\/www.viamontenapo.com\/mi-news\/?p=12944\" class=\"more-link\">Leggi tutto<span class=\"screen-reader-text\"> &#8220;GENIO E CREATIVIT\u00c0&#8221;<\/span><\/a><\/p>\n","protected":false},"author":1,"featured_media":12945,"comment_status":"closed","ping_status":"open","sticky":false,"template":"","format":"standard","meta":{"footnotes":""},"categories":[1],"tags":[],"class_list":["post-12944","post","type-post","status-publish","format-standard","has-post-thumbnail","hentry","category-via-montenapoleone"],"_links":{"self":[{"href":"https:\/\/www.viamontenapo.com\/mi-news\/index.php?rest_route=\/wp\/v2\/posts\/12944","targetHints":{"allow":["GET"]}}],"collection":[{"href":"https:\/\/www.viamontenapo.com\/mi-news\/index.php?rest_route=\/wp\/v2\/posts"}],"about":[{"href":"https:\/\/www.viamontenapo.com\/mi-news\/index.php?rest_route=\/wp\/v2\/types\/post"}],"author":[{"embeddable":true,"href":"https:\/\/www.viamontenapo.com\/mi-news\/index.php?rest_route=\/wp\/v2\/users\/1"}],"replies":[{"embeddable":true,"href":"https:\/\/www.viamontenapo.com\/mi-news\/index.php?rest_route=%2Fwp%2Fv2%2Fcomments&post=12944"}],"version-history":[{"count":1,"href":"https:\/\/www.viamontenapo.com\/mi-news\/index.php?rest_route=\/wp\/v2\/posts\/12944\/revisions"}],"predecessor-version":[{"id":12946,"href":"https:\/\/www.viamontenapo.com\/mi-news\/index.php?rest_route=\/wp\/v2\/posts\/12944\/revisions\/12946"}],"wp:featuredmedia":[{"embeddable":true,"href":"https:\/\/www.viamontenapo.com\/mi-news\/index.php?rest_route=\/wp\/v2\/media\/12945"}],"wp:attachment":[{"href":"https:\/\/www.viamontenapo.com\/mi-news\/index.php?rest_route=%2Fwp%2Fv2%2Fmedia&parent=12944"}],"wp:term":[{"taxonomy":"category","embeddable":true,"href":"https:\/\/www.viamontenapo.com\/mi-news\/index.php?rest_route=%2Fwp%2Fv2%2Fcategories&post=12944"},{"taxonomy":"post_tag","embeddable":true,"href":"https:\/\/www.viamontenapo.com\/mi-news\/index.php?rest_route=%2Fwp%2Fv2%2Ftags&post=12944"}],"curies":[{"name":"wp","href":"https:\/\/api.w.org\/{rel}","templated":true}]}}