{"id":14755,"date":"2021-11-09T16:41:27","date_gmt":"2021-11-09T15:41:27","guid":{"rendered":"http:\/\/www.viamontenapo.com\/mi-news\/?p=14755"},"modified":"2021-11-11T15:18:14","modified_gmt":"2021-11-11T14:18:14","slug":"prodotto-della-tradizione","status":"publish","type":"post","link":"https:\/\/www.viamontenapo.com\/mi-news\/?p=14755","title":{"rendered":"PRODOTTO DELLA TRADIZIONE"},"content":{"rendered":"<p>Il tema dell&#8217;edizione di quest&#8217;anno \u00e8 &#8216;Dulcis in Fundo&#8217;. Ha fatto arrivare il suo messaggio di saluto durante la conferenza stampa il presidente della Regione Lombardia Attilio Fontana: &#8220;Mando un sentito augurio alla Festa del Torrone, ormai diventata un&#8217;importante kermesse&#8221; ha scritto il governatore, assicurando anche che garantir\u00e0 la sua presenza a Cremona in occasione d questa iniziativa.<\/p>\n<p>&#8220;Abbinare le nostre eccellenze alla maestria di pasticceri riconosciuti a livello internazionale &#8211; ha affermato l&#8217;assessore Rolfi &#8211; \u00e8 la formula ideale per promuovere un intero territorio. La scelta di legare il tutto a iniziative di carattere culturale \u00e8 vincente e la Regione Lombardia non pu\u00f2 far altro che partecipare attivamente a una rassegna che torna nella veste originale, lanciando un forte messaggio di ripresa sia sotto il profilo economico che sociale&#8221;.<\/p>\n<p>&#8220;Cremona \u00e8 la capitale della produzione di torrone &#8211; ha proseguito &#8211; e dobbiamo valorizzare al massimo questo prodotto affinch\u00e9 rappresenti non solo uno dei simboli di questa citt\u00e0, ma anche sempre di pi\u00f9 fonte di attrazione e di opportunit\u00e0 economica&#8221;.<\/p>\n<p>Durante i 9 giorni della Festa, a Cremona si svolger\u00e0 un ricco calendario di eventi, showcooking, incontri e premiazioni, gite in battello, premiazioni, men\u00f9 con il torrone protagonista e numerose iniziative che ogni anno attraggono migliaia di visitatori, e il grande ritorno della Locomotiva a Vapore che accompagner\u00e0 i visitatori da Milano nella citt\u00e0 nota per le 4 T, una delle quali \u00e8 proprio dedicata al prelibato dolce. La quarta \u00e8 un omaggio all&#8217;attore cremonese Ugo Tognazzi.<\/p>\n<p>&#8220;Negli anni la festa del torrone &#8211; ha detto l&#8217;assessore Bolognini &#8211; si \u00e8 saputa rinnovare anche in termini di comunicazione e di marketing territoriale assieme a tutti i partners che coinvolge. Partendo da un prodotto storico risulta notevole la capacit\u00e0 di coinvolgere un indotto cos\u00ec importante per il territorio lombardo, valorizzando e utilizzando tutti gli strumenti di promozione turistica&#8221;.<\/p>\n<p>&#8220;Il ruolo di Regione &#8211; ha concluso &#8211; vuole essere anche quello di amplificare la comunicazione e di fare da cassa di risonanza di eventi straordinari come questi&#8221;.<\/p>\n<p>&#8220;Sar\u00e0 una dolce ripartenza per la Lombardia &#8211; ha chiosato l&#8217;assessore al Turismo, marketing territoriale e moda &#8211; grazie ad un prodotto artigianale e prelibato come il torrone. Un degno rappresentante del Made in Italy nel mondo: in questi giorni sono in visita al &#8216;Fuori Expo&#8217; di Dubai e tra gli stakeholder, operatori del turismo e professionisti enogastronomici, il torrone \u00e8 certamente una delle prelibatezze distintive della nostra Lombardia&#8221;.<\/p>\n<p>&#8220;Il torrone di Cremona &#8211; ha ricordato Magoni &#8211; \u00e8 anche tra i protagonisti di una storytelling culinaria dedicata alle specialit\u00e0 alimentari lombarde sul sito Internet della BBC, il noto network televisivo britannico e principale emittente di servizio pubblico al mondo&#8221;.<\/p>\n<p>La kermesse sar\u00e0 inoltre accompagnata dalle note di Mina Mazzini, interprete ineguagliabile della musica italiana, cremonese e amata e conosciuta a livello internazionale. 09L&#8217;omaggio all&#8217;artista si svolger\u00e0 in particolar modo su via Mercatello e via Solferino illuminate dalle parole di due canzoni simbolo della cantante &#8216;Amor Mio&#8217; (che quest&#8217;anno compie 50 anni) e &#8216;Vorrei che fosse amore&#8217;.<\/p>\n","protected":false},"excerpt":{"rendered":"<p>Il tema dell&#8217;edizione di quest&#8217;anno \u00e8 &#8216;Dulcis in Fundo&#8217;. Ha fatto arrivare il suo messaggio di saluto durante la conferenza stampa il presidente della Regione Lombardia Attilio Fontana: &#8220;Mando un sentito augurio alla Festa del Torrone, ormai diventata un&#8217;importante kermesse&#8221; ha scritto il governatore, assicurando anche che garantir\u00e0 la sua presenza a Cremona in occasione &hellip; <a href=\"https:\/\/www.viamontenapo.com\/mi-news\/?p=14755\" class=\"more-link\">Leggi tutto<span class=\"screen-reader-text\"> &#8220;PRODOTTO DELLA TRADIZIONE&#8221;<\/span><\/a><\/p>\n","protected":false},"author":1,"featured_media":14765,"comment_status":"closed","ping_status":"open","sticky":false,"template":"","format":"standard","meta":{"footnotes":""},"categories":[1],"tags":[21],"class_list":["post-14755","post","type-post","status-publish","format-standard","has-post-thumbnail","hentry","category-via-montenapoleone","tag-via_monte_napoleone_milano"],"_links":{"self":[{"href":"https:\/\/www.viamontenapo.com\/mi-news\/index.php?rest_route=\/wp\/v2\/posts\/14755","targetHints":{"allow":["GET"]}}],"collection":[{"href":"https:\/\/www.viamontenapo.com\/mi-news\/index.php?rest_route=\/wp\/v2\/posts"}],"about":[{"href":"https:\/\/www.viamontenapo.com\/mi-news\/index.php?rest_route=\/wp\/v2\/types\/post"}],"author":[{"embeddable":true,"href":"https:\/\/www.viamontenapo.com\/mi-news\/index.php?rest_route=\/wp\/v2\/users\/1"}],"replies":[{"embeddable":true,"href":"https:\/\/www.viamontenapo.com\/mi-news\/index.php?rest_route=%2Fwp%2Fv2%2Fcomments&post=14755"}],"version-history":[{"count":1,"href":"https:\/\/www.viamontenapo.com\/mi-news\/index.php?rest_route=\/wp\/v2\/posts\/14755\/revisions"}],"predecessor-version":[{"id":14756,"href":"https:\/\/www.viamontenapo.com\/mi-news\/index.php?rest_route=\/wp\/v2\/posts\/14755\/revisions\/14756"}],"wp:featuredmedia":[{"embeddable":true,"href":"https:\/\/www.viamontenapo.com\/mi-news\/index.php?rest_route=\/wp\/v2\/media\/14765"}],"wp:attachment":[{"href":"https:\/\/www.viamontenapo.com\/mi-news\/index.php?rest_route=%2Fwp%2Fv2%2Fmedia&parent=14755"}],"wp:term":[{"taxonomy":"category","embeddable":true,"href":"https:\/\/www.viamontenapo.com\/mi-news\/index.php?rest_route=%2Fwp%2Fv2%2Fcategories&post=14755"},{"taxonomy":"post_tag","embeddable":true,"href":"https:\/\/www.viamontenapo.com\/mi-news\/index.php?rest_route=%2Fwp%2Fv2%2Ftags&post=14755"}],"curies":[{"name":"wp","href":"https:\/\/api.w.org\/{rel}","templated":true}]}}