{"id":17067,"date":"2026-01-23T18:06:00","date_gmt":"2026-01-23T17:06:00","guid":{"rendered":"https:\/\/www.viamontenapo.com\/mi-news\/?p=17067"},"modified":"2026-01-26T11:07:17","modified_gmt":"2026-01-26T10:07:17","slug":"la-sfida","status":"publish","type":"post","link":"https:\/\/www.viamontenapo.com\/mi-news\/?p=17067","title":{"rendered":"\u00a0LA SFIDA"},"content":{"rendered":"\n<p>Al Palazzo del ghiaccio di Milano l&#8217;edizione 2026 del &#8216;Forum internazionale del turismo&#8217; organizzato dal Ministero del Turismo in collaborazione con Enit. I lavori aperti dal presidente del Senato Ignazio La Russa e da un video messaggio della presidente del Consiglio Giorgia Meloni \u00e8 stato caratterizzato dagli interventi, tra gli altri, del presidente della Regione Lombardia Attilio Fontana e dell&#8217;assessore regionale a Turismo Marketing territoriale e Moda Debora Massari. Presente anche il ministro del Turismo Daniela Santanch\u00e8 che ha ricordato anche i due ambasciatori della moda recentemente scomparsi, Giorgio Armani e Valentino Garavani.<\/p>\n\n\n\n<p>&#8220;La Lombardia &#8211; ha spiegato il presidente Fontana &#8211; \u00e8 diventata una regione sostanzialmente turistica quindi non pi\u00f9 come una volta basata su un turismo di business ma una regione che sa attirare per i propri laghi, le montagne, le citt\u00e0 d&#8217;arte: il turismo \u00e8 una grandissima opportunit\u00e0 anche di carattere economico per la nostra regione&#8221;. &#8220;Le Olimpiadi &#8211; ha aggiunto &#8211; saranno un&#8217;ulteriore spinta per far conoscere meglio i nostri territori, per far conoscere le nostre capacit\u00e0 di organizzare, di accogliere, di offrire delle vacanze eccellenti&#8221;.<\/p>\n\n\n\n<p>Sulle bellezze sconosciute, i borghi caratteristici e le qualit\u00e0 della Lombardia, il focus dell&#8217;assessore Massari.<\/p>\n\n\n\n<p>&#8220;Questo &#8211; ha sottolineato Debora Massari &#8211; \u00e8 un&nbsp; forum molto importante per la nostra regione, una regione che \u00e8 gi\u00e0 ricca perch\u00e9 ha gi\u00e0 tanto di suo: ha citt\u00e0,&nbsp; borghi,&nbsp; montagne, laghi, cultura, quindi un turismo integrato&#8221;. &#8220;Ci sono poi &#8211; ha sottolineato &#8211; borghi da scoprire, quindi, anche per questo, stiamo puntando verso la destagionalizzazione. La Lombardia \u00e8 pronta&#8221;.<\/p>\n","protected":false},"excerpt":{"rendered":"<p>Al Palazzo del ghiaccio di Milano l&#8217;edizione 2026 del &#8216;Forum internazionale del turismo&#8217; organizzato dal Ministero del Turismo in collaborazione con Enit. I lavori aperti dal presidente del Senato Ignazio La Russa e da un video messaggio della presidente del Consiglio Giorgia Meloni \u00e8 stato caratterizzato dagli interventi, tra gli altri, del presidente della Regione &hellip; <a href=\"https:\/\/www.viamontenapo.com\/mi-news\/?p=17067\" class=\"more-link\">Leggi tutto<span class=\"screen-reader-text\"> &#8221;\u00a0LA SFIDA&#8221;<\/span><\/a><\/p>\n","protected":false},"author":1,"featured_media":0,"comment_status":"closed","ping_status":"open","sticky":false,"template":"","format":"standard","meta":{"footnotes":""},"categories":[1],"tags":[21],"class_list":["post-17067","post","type-post","status-publish","format-standard","hentry","category-via-montenapoleone","tag-via_monte_napoleone_milano"],"_links":{"self":[{"href":"https:\/\/www.viamontenapo.com\/mi-news\/index.php?rest_route=\/wp\/v2\/posts\/17067","targetHints":{"allow":["GET"]}}],"collection":[{"href":"https:\/\/www.viamontenapo.com\/mi-news\/index.php?rest_route=\/wp\/v2\/posts"}],"about":[{"href":"https:\/\/www.viamontenapo.com\/mi-news\/index.php?rest_route=\/wp\/v2\/types\/post"}],"author":[{"embeddable":true,"href":"https:\/\/www.viamontenapo.com\/mi-news\/index.php?rest_route=\/wp\/v2\/users\/1"}],"replies":[{"embeddable":true,"href":"https:\/\/www.viamontenapo.com\/mi-news\/index.php?rest_route=%2Fwp%2Fv2%2Fcomments&post=17067"}],"version-history":[{"count":1,"href":"https:\/\/www.viamontenapo.com\/mi-news\/index.php?rest_route=\/wp\/v2\/posts\/17067\/revisions"}],"predecessor-version":[{"id":17068,"href":"https:\/\/www.viamontenapo.com\/mi-news\/index.php?rest_route=\/wp\/v2\/posts\/17067\/revisions\/17068"}],"wp:attachment":[{"href":"https:\/\/www.viamontenapo.com\/mi-news\/index.php?rest_route=%2Fwp%2Fv2%2Fmedia&parent=17067"}],"wp:term":[{"taxonomy":"category","embeddable":true,"href":"https:\/\/www.viamontenapo.com\/mi-news\/index.php?rest_route=%2Fwp%2Fv2%2Fcategories&post=17067"},{"taxonomy":"post_tag","embeddable":true,"href":"https:\/\/www.viamontenapo.com\/mi-news\/index.php?rest_route=%2Fwp%2Fv2%2Ftags&post=17067"}],"curies":[{"name":"wp","href":"https:\/\/api.w.org\/{rel}","templated":true}]}}