{"id":17188,"date":"2026-03-06T18:51:00","date_gmt":"2026-03-06T17:51:00","guid":{"rendered":"http:\/\/www.viamontenapo.com\/mi-news\/?p=17188"},"modified":"2026-03-07T12:52:20","modified_gmt":"2026-03-07T11:52:20","slug":"un-onore","status":"publish","type":"post","link":"https:\/\/www.viamontenapo.com\/mi-news\/?p=17188","title":{"rendered":"UN ONORE"},"content":{"rendered":"\n<p>\u201cEssere presente alla cerimonia di apertura delle Paralimpiadi invernali Milano Cortina 2026 \u00e8 un onore. La Lombardia, dopo aver celebrato con orgoglio e impegno i Giochi Olimpici, \u00e8 pronta a bissare quello che, ne sono certo, sar\u00e0 un nuovo successo. Inclusione e accessibilit\u00e0 sono, in ogni ambito, punti cardine e di riferimento dell\u2019azione della nostra regione\u201d. Cos\u00ec il presidente della Lombardia, Attilio Fontana, giunto a Verona per l\u2019apertura delle Paralimpiadi Invernali Milano Cortina 2026.<\/p>\n","protected":false},"excerpt":{"rendered":"<p>\u201cEssere presente alla cerimonia di apertura delle Paralimpiadi invernali Milano Cortina 2026 \u00e8 un onore. La Lombardia, dopo aver celebrato con orgoglio e impegno i Giochi Olimpici, \u00e8 pronta a bissare quello che, ne sono certo, sar\u00e0 un nuovo successo. Inclusione e accessibilit\u00e0 sono, in ogni ambito, punti cardine e di riferimento dell\u2019azione della nostra &hellip; <a href=\"https:\/\/www.viamontenapo.com\/mi-news\/?p=17188\" class=\"more-link\">Leggi tutto<span class=\"screen-reader-text\"> &#8220;UN ONORE&#8221;<\/span><\/a><\/p>\n","protected":false},"author":1,"featured_media":0,"comment_status":"closed","ping_status":"open","sticky":false,"template":"","format":"standard","meta":{"footnotes":""},"categories":[1],"tags":[21],"class_list":["post-17188","post","type-post","status-publish","format-standard","hentry","category-via-montenapoleone","tag-via_monte_napoleone_milano"],"_links":{"self":[{"href":"https:\/\/www.viamontenapo.com\/mi-news\/index.php?rest_route=\/wp\/v2\/posts\/17188","targetHints":{"allow":["GET"]}}],"collection":[{"href":"https:\/\/www.viamontenapo.com\/mi-news\/index.php?rest_route=\/wp\/v2\/posts"}],"about":[{"href":"https:\/\/www.viamontenapo.com\/mi-news\/index.php?rest_route=\/wp\/v2\/types\/post"}],"author":[{"embeddable":true,"href":"https:\/\/www.viamontenapo.com\/mi-news\/index.php?rest_route=\/wp\/v2\/users\/1"}],"replies":[{"embeddable":true,"href":"https:\/\/www.viamontenapo.com\/mi-news\/index.php?rest_route=%2Fwp%2Fv2%2Fcomments&post=17188"}],"version-history":[{"count":1,"href":"https:\/\/www.viamontenapo.com\/mi-news\/index.php?rest_route=\/wp\/v2\/posts\/17188\/revisions"}],"predecessor-version":[{"id":17189,"href":"https:\/\/www.viamontenapo.com\/mi-news\/index.php?rest_route=\/wp\/v2\/posts\/17188\/revisions\/17189"}],"wp:attachment":[{"href":"https:\/\/www.viamontenapo.com\/mi-news\/index.php?rest_route=%2Fwp%2Fv2%2Fmedia&parent=17188"}],"wp:term":[{"taxonomy":"category","embeddable":true,"href":"https:\/\/www.viamontenapo.com\/mi-news\/index.php?rest_route=%2Fwp%2Fv2%2Fcategories&post=17188"},{"taxonomy":"post_tag","embeddable":true,"href":"https:\/\/www.viamontenapo.com\/mi-news\/index.php?rest_route=%2Fwp%2Fv2%2Ftags&post=17188"}],"curies":[{"name":"wp","href":"https:\/\/api.w.org\/{rel}","templated":true}]}}