{"id":17191,"date":"2026-03-09T18:29:00","date_gmt":"2026-03-09T17:29:00","guid":{"rendered":"http:\/\/www.viamontenapo.com\/mi-news\/?p=17191"},"modified":"2026-03-10T11:30:29","modified_gmt":"2026-03-10T10:30:29","slug":"al-femminile-2","status":"publish","type":"post","link":"https:\/\/www.viamontenapo.com\/mi-news\/?p=17191","title":{"rendered":"AL FEMMINILE"},"content":{"rendered":"\n<p>La mostra Made in Italy impresa al femminile, organizzata dal Ministero delle Imprese e del Made in Italy in collaborazione con la Federazione dei Cavalieri del Lavoro e della Fondazione Marisa Bellisario, parte per un tour in quattro citt\u00e0 italiane: Milano, Torino, Campobasso e Napoli.<\/p>\n\n\n\n<p>Dal 10 al 25 marzo sar\u00e0 possibile visitare nel Palazzo della Regione Lombardia a Milano il percorso espositivo che celebra oltre 100 imprenditrici italiane che si sono affermate nei loro settori, contribuendo alla crescita economica, sociale e civile dell\u2019Italia.<\/p>\n\n\n\n<p>La mostra \u00e8 stata inaugurata oggi alla presenza dell\u2019assessore alla Famiglia, Solidariet\u00e0 sociale, Disabilit\u00e0 e Pari opportunit\u00e0 della Regione Lombardia Elena Lucchini, della responsabile della Casa del Made in Italy di Milano, Valentina Coen, della referente della Fondazione Bellisario Roberta Pierantoni, di Valentina Picca Bianchi, presidente del Comitato Impresa Donna del MIMIT e di numerose imprenditrici in mostra.<\/p>\n\n\n\n<p>L\u2019esposizione, gi\u00e0 allestita a Roma per la scorsa Giornata Nazionale del Made in Italy, propone le esperienze di alcune grandi imprenditrici del passato affiancate a imprenditrici contemporanee e a startupper, in un percorso ricco e articolato. Fotografie, video e oggetti iconici raccontano le singole storie, che spaziano in tutti i settori produttivi italiani. Dalla moda all\u2019elettronica, dalla cinematografia alla ristorazione, dalle cantine pi\u00f9 prestigiose all\u2019informatica, dalla farmaceutica all\u2019aerospazio, dall\u2019artigianato alla cosmesi, dall\u2019industria armatoriale all\u2019acciaio, dalla musica all\u2019editoria, dal turismo alla enogastronomia emerge il coraggio e la determinazione delle donne che contribuiscono a fare grande l\u2019Italia. Alcune delle imprenditrici in mostra sono state insignite dell\u2019onorificenza di Cavaliere del Lavoro e hanno anche ottenuto il &#8216;Premio Marisa Bellisario&#8217;.<\/p>\n\n\n\n<p>\u201cSiamo orgogliosi di ospitare a Palazzo Lombardia la mostra \u2018Made in Italy impresa al femminile\u2019 &#8211; ha dichiarato l\u2019assessore Elena Lucchini durante la cerimonia di inaugurazione &#8211; un\u2019iniziativa che ho fortemente voluto per celebrare il talento, la determinazione e la capacit\u00e0 innovativa delle donne che hanno contribuito alla crescita economica e sociale del nostro Paese e, in modo particolare, della Lombardia. L\u2019ingegno femminile lombardo rappresenta un patrimonio straordinario e un\u2019ispirazione continua: imprenditrici, professioniste e artigiane che ogni giorno trasformano idee in impresa, generano occupazione e costruiscono valore per le comunit\u00e0. Celebrare il Made in Italy al femminile significa riconoscere il contributo concreto delle donne alla competitivit\u00e0 del nostro sistema produttivo e ribadire l\u2019impegno delle istituzioni nel sostenere politiche che favoriscano autentiche pari opportunit\u00e0\u201d.<\/p>\n\n\n\n<p>\u201cQuesta mostra rende visibile il contributo delle donne alla costruzione del Made in Italy \u2013 ha dichiarato Picca Bianchi \u2013 oggi in Italia le imprese femminili sono circa un milione e trecentomila e rappresentano una componente strutturale del nostro sistema produttivo. Portare l\u2019esposizione fuori dal Ministero e avviare un tour nelle citt\u00e0 italiane significa far circolare queste storie nei territori, contaminare contesti diversi e stimolare nuove generazioni verso l\u2019imprenditoria femminile e giovanile. La narrazione dell\u2019impresa ha un valore generativo: le storie di imprenditrici diventano esempi che ispirano altre storie e nuove imprese. Perch\u00e9 le storie d\u2019impresa, quando vengono raccontate, non restano solo memoria: diventano futuro\u201d.<\/p>\n","protected":false},"excerpt":{"rendered":"<p>La mostra Made in Italy impresa al femminile, organizzata dal Ministero delle Imprese e del Made in Italy in collaborazione con la Federazione dei Cavalieri del Lavoro e della Fondazione Marisa Bellisario, parte per un tour in quattro citt\u00e0 italiane: Milano, Torino, Campobasso e Napoli. Dal 10 al 25 marzo sar\u00e0 possibile visitare nel Palazzo &hellip; <a href=\"https:\/\/www.viamontenapo.com\/mi-news\/?p=17191\" class=\"more-link\">Leggi tutto<span class=\"screen-reader-text\"> &#8220;AL FEMMINILE&#8221;<\/span><\/a><\/p>\n","protected":false},"author":1,"featured_media":0,"comment_status":"closed","ping_status":"open","sticky":false,"template":"","format":"standard","meta":{"footnotes":""},"categories":[1],"tags":[21],"class_list":["post-17191","post","type-post","status-publish","format-standard","hentry","category-via-montenapoleone","tag-via_monte_napoleone_milano"],"_links":{"self":[{"href":"https:\/\/www.viamontenapo.com\/mi-news\/index.php?rest_route=\/wp\/v2\/posts\/17191","targetHints":{"allow":["GET"]}}],"collection":[{"href":"https:\/\/www.viamontenapo.com\/mi-news\/index.php?rest_route=\/wp\/v2\/posts"}],"about":[{"href":"https:\/\/www.viamontenapo.com\/mi-news\/index.php?rest_route=\/wp\/v2\/types\/post"}],"author":[{"embeddable":true,"href":"https:\/\/www.viamontenapo.com\/mi-news\/index.php?rest_route=\/wp\/v2\/users\/1"}],"replies":[{"embeddable":true,"href":"https:\/\/www.viamontenapo.com\/mi-news\/index.php?rest_route=%2Fwp%2Fv2%2Fcomments&post=17191"}],"version-history":[{"count":1,"href":"https:\/\/www.viamontenapo.com\/mi-news\/index.php?rest_route=\/wp\/v2\/posts\/17191\/revisions"}],"predecessor-version":[{"id":17192,"href":"https:\/\/www.viamontenapo.com\/mi-news\/index.php?rest_route=\/wp\/v2\/posts\/17191\/revisions\/17192"}],"wp:attachment":[{"href":"https:\/\/www.viamontenapo.com\/mi-news\/index.php?rest_route=%2Fwp%2Fv2%2Fmedia&parent=17191"}],"wp:term":[{"taxonomy":"category","embeddable":true,"href":"https:\/\/www.viamontenapo.com\/mi-news\/index.php?rest_route=%2Fwp%2Fv2%2Fcategories&post=17191"},{"taxonomy":"post_tag","embeddable":true,"href":"https:\/\/www.viamontenapo.com\/mi-news\/index.php?rest_route=%2Fwp%2Fv2%2Ftags&post=17191"}],"curies":[{"name":"wp","href":"https:\/\/api.w.org\/{rel}","templated":true}]}}