{"id":17194,"date":"2026-03-10T15:27:08","date_gmt":"2026-03-10T14:27:08","guid":{"rendered":"http:\/\/www.viamontenapo.com\/mi-news\/?p=17194"},"modified":"2026-03-12T15:28:01","modified_gmt":"2026-03-12T14:28:01","slug":"handbike-2","status":"publish","type":"post","link":"https:\/\/www.viamontenapo.com\/mi-news\/?p=17194","title":{"rendered":"HANDBIKE"},"content":{"rendered":"\n<p>L&#8217;edizione numero 16 del &#8216;Giro Handbike 2026&#8217; \u00e8 stata presentata a Palazzo Lombardia dal sottosegretario alla Presidenza con delega a Sport e Giovani Federica Picchi. Cinque, tra cui due lombarde, le tappe coinvolte nel del Giro Handbike edizione 2026, tutte inserite in Categoria UCI C.1. Le altre sono in&nbsp; in&nbsp; Friuli Venezia-Giulia, Piemonte e Veneto.<\/p>\n\n\n\n<p>Le due lombarde sono in programma il&nbsp; 21 giugno a Cesano Maderno (Monza Brianza)&nbsp; e il 6 settembre a Carugate (Milano). Le altre citt\u00e0 coinvolte sono: Noventa di Piave (Venezia)&nbsp; il 29 marzo (partenza del giro), Monfalcone (Gorizia) il 12 luglio e Biella il 4 ottobre .<\/p>\n\n\n\n<p>Presenti, tra gli altri, i presidenti del Comitato regionale Lombardia Fci (Federazione ciclistica italiana)&nbsp; Stefano Pedrinazzi, della Commissione nazionale paraciclismo Fci Roberto Rancilio, del Comitato regionale Lombardia Coni (Comitato olimpico nazionale italiano) Claudio Pedrazzini, la vicepresidente Fci Lombardia con delega al paraciclismo Cinzia Ghisellini e per la giunta del Cip (Comitato italiano paralimpico) Sergio Di Nicola. Con loro anche i sindaci dei comuni e dei comitati regionali ciclistici coinvolti nelle cinque tappe e il presidente della Provincia di Monza e Brianza Luca Santambrogio.<\/p>\n\n\n\n<p>\u201cIl &#8216;Giro d\u2019Italia di handbike&#8217;&nbsp; &#8211; ha sottolineato&nbsp; Federica Picchi &#8211; \u00e8&nbsp; uno degli eventi paralimpici pi\u00f9 rilevanti in Europa e&nbsp; quest&#8217;anno far\u00e0 tappa per due volte in Lombardia, portando con s\u00e9 non solo una grande competizione sportiva, ma anche un messaggio potente di inclusione e ispirazione. Vedere gli atleti sfrecciare sulle strade delle nostre citt\u00e0 \u00e8 motivo di orgoglio per tutti noi: rappresentano sfide che un tempo sembravano impossibili e che oggi, grazie alla loro determinazione e alla tecnologia, sono state vinte&#8221;.<\/p>\n\n\n\n<p>&#8220;Sono profondamente convinta\u00a0 &#8211; ha ribadito &#8211; che lo sport sia uno straordinario strumento di valorizzazione per le persone con diversa abilit\u00e0. Per questo abbiamo modificato i criteri dei bandi dedicati ai contributi per le manifestazioni sportive, agonistiche e dilettantistiche, aumentando dal 10% al 15% la riserva destinata agli eventi che includono atleti con disabilit\u00e0. Abbiamo adottato la stessa logica anche per strumenti come la &#8216;Dote Sport&#8217; e il &#8216;Bando impianti &#8216;, che riservano un budget per le famiglie con disabilit\u00e0 e diamo premialit\u00e0 per l\u2019abbattimento delle barriere architettoniche\u201d.<\/p>\n","protected":false},"excerpt":{"rendered":"<p>L&#8217;edizione numero 16 del &#8216;Giro Handbike 2026&#8217; \u00e8 stata presentata a Palazzo Lombardia dal sottosegretario alla Presidenza con delega a Sport e Giovani Federica Picchi. Cinque, tra cui due lombarde, le tappe coinvolte nel del Giro Handbike edizione 2026, tutte inserite in Categoria UCI C.1. Le altre sono in&nbsp; in&nbsp; Friuli Venezia-Giulia, Piemonte e Veneto. &hellip; <a href=\"https:\/\/www.viamontenapo.com\/mi-news\/?p=17194\" class=\"more-link\">Leggi tutto<span class=\"screen-reader-text\"> &#8220;HANDBIKE&#8221;<\/span><\/a><\/p>\n","protected":false},"author":1,"featured_media":0,"comment_status":"closed","ping_status":"open","sticky":false,"template":"","format":"standard","meta":{"footnotes":""},"categories":[1],"tags":[21],"class_list":["post-17194","post","type-post","status-publish","format-standard","hentry","category-via-montenapoleone","tag-via_monte_napoleone_milano"],"_links":{"self":[{"href":"https:\/\/www.viamontenapo.com\/mi-news\/index.php?rest_route=\/wp\/v2\/posts\/17194","targetHints":{"allow":["GET"]}}],"collection":[{"href":"https:\/\/www.viamontenapo.com\/mi-news\/index.php?rest_route=\/wp\/v2\/posts"}],"about":[{"href":"https:\/\/www.viamontenapo.com\/mi-news\/index.php?rest_route=\/wp\/v2\/types\/post"}],"author":[{"embeddable":true,"href":"https:\/\/www.viamontenapo.com\/mi-news\/index.php?rest_route=\/wp\/v2\/users\/1"}],"replies":[{"embeddable":true,"href":"https:\/\/www.viamontenapo.com\/mi-news\/index.php?rest_route=%2Fwp%2Fv2%2Fcomments&post=17194"}],"version-history":[{"count":1,"href":"https:\/\/www.viamontenapo.com\/mi-news\/index.php?rest_route=\/wp\/v2\/posts\/17194\/revisions"}],"predecessor-version":[{"id":17195,"href":"https:\/\/www.viamontenapo.com\/mi-news\/index.php?rest_route=\/wp\/v2\/posts\/17194\/revisions\/17195"}],"wp:attachment":[{"href":"https:\/\/www.viamontenapo.com\/mi-news\/index.php?rest_route=%2Fwp%2Fv2%2Fmedia&parent=17194"}],"wp:term":[{"taxonomy":"category","embeddable":true,"href":"https:\/\/www.viamontenapo.com\/mi-news\/index.php?rest_route=%2Fwp%2Fv2%2Fcategories&post=17194"},{"taxonomy":"post_tag","embeddable":true,"href":"https:\/\/www.viamontenapo.com\/mi-news\/index.php?rest_route=%2Fwp%2Fv2%2Ftags&post=17194"}],"curies":[{"name":"wp","href":"https:\/\/api.w.org\/{rel}","templated":true}]}}