{"id":17196,"date":"2026-03-11T15:28:03","date_gmt":"2026-03-11T14:28:03","guid":{"rendered":"http:\/\/www.viamontenapo.com\/mi-news\/?p=17196"},"modified":"2026-03-12T15:31:39","modified_gmt":"2026-03-12T14:31:39","slug":"treni-storici-2","status":"publish","type":"post","link":"https:\/\/www.viamontenapo.com\/mi-news\/?p=17196","title":{"rendered":"TRENI STORICI"},"content":{"rendered":"\n<p>Riprende la stagione dei treni storici in Lombardia. Il primo appuntamento \u00e8 per sabato 29 marzo 2026, con il &#8216;Besanino Express&#8217;: la partenza \u00e8 prevista alle 9.25 dalla stazione di Milano Centrale. Il convoglio si diriger\u00e0 verso la Brianza fino ad arrivare a Monza, da dove proseguir\u00e0 percorrendo la storica e panoramica linea per Molteno, effettuando fermate in numerose localit\u00e0, fino ad arrivare a Lecco alle 11.38. Il ritorno da Lecco \u00e8 previsto alle 17.15, con arrivo a Milano alle 19.25.<\/p>\n\n\n\n<p>L\u2019iniziativa \u00e8 promossa dall\u2019Assessorato ai Trasporti e Mobilit\u00e0 Sostenibile di Regione Lombardia, in collaborazione con Fondazione FS Italiane, FS Treni Turistici Italiani, Ferrovie Nord e numerose associazioni impegnate nella valorizzazione del patrimonio ferroviario e culturale, con l\u2019obiettivo di promuovere un modello consolidato di mobilit\u00e0 dolce.<\/p>\n\n\n\n<p>&#8220;Quello del &#8216;Besanino Express&#8217; \u00e8 solo il primo degli appuntamenti \u2013 spiega l&#8217;assessore ai Trasporti e Mobilit\u00e0 Sostenibile, Franco Lucente \u2013 che caratterizzeranno le proposte di viaggio con i treni storici in Lombardia quest&#8217;anno. Le passate edizioni hanno riscosso grande successo tra i viaggiatori, che hanno gradito questo modo di spostarsi al tempo stesso tradizionale e innovativo, grazie all\u2019opportunit\u00e0 di scoprire luoghi e paesaggi mozzafiato della nostra Lombardia&#8221;.<\/p>\n\n\n\n<p>Il calendario del 2026 prevede oltre venti itinerari, dalla primavera all\u2019autunno, tutti con partenza da Milano. Tra i percorsi di maggiore richiamo si conferma la linea turistica Palazzolo-Paratico Sarnico, che conduce alle sponde del Lago d\u2019Iseo. Ci saranno poi altri collegamenti che porteranno a Como, Laveno Mombello, Cremona e Mortara.<\/p>\n\n\n\n<p>&#8220;Il trasporto ferroviario \u2013 continua l&#8217;assessore \u2013 si riconferma un mezzo privilegiato e strategico, a supporto di un turismo lento e accessibile a tutti: ai pi\u00f9 giovani, che sperimenteranno cos\u00ec un modo del tutto inedito di viaggiare. E a tutti coloro che vorranno rivivere, grazie al treno, un pezzo della nostra storia&#8221;.<\/p>\n\n\n\n<p>I convogli, trainati da locomotive a vapore ed elettriche d\u2019epoca, offriranno un\u2019esperienza di viaggio autentica e immersiva; sono inoltre previste circolazioni con il fascino dell\u2019ETR 252 &#8216;Arlecchino&#8217;, storico elettrotreno simbolo del design e dello stile ferroviario italiano negli anni del boom economico.<\/p>\n","protected":false},"excerpt":{"rendered":"<p>Riprende la stagione dei treni storici in Lombardia. Il primo appuntamento \u00e8 per sabato 29 marzo 2026, con il &#8216;Besanino Express&#8217;: la partenza \u00e8 prevista alle 9.25 dalla stazione di Milano Centrale. Il convoglio si diriger\u00e0 verso la Brianza fino ad arrivare a Monza, da dove proseguir\u00e0 percorrendo la storica e panoramica linea per Molteno, &hellip; <a href=\"https:\/\/www.viamontenapo.com\/mi-news\/?p=17196\" class=\"more-link\">Leggi tutto<span class=\"screen-reader-text\"> &#8220;TRENI STORICI&#8221;<\/span><\/a><\/p>\n","protected":false},"author":1,"featured_media":0,"comment_status":"closed","ping_status":"open","sticky":false,"template":"","format":"standard","meta":{"footnotes":""},"categories":[1],"tags":[21],"class_list":["post-17196","post","type-post","status-publish","format-standard","hentry","category-via-montenapoleone","tag-via_monte_napoleone_milano"],"_links":{"self":[{"href":"https:\/\/www.viamontenapo.com\/mi-news\/index.php?rest_route=\/wp\/v2\/posts\/17196","targetHints":{"allow":["GET"]}}],"collection":[{"href":"https:\/\/www.viamontenapo.com\/mi-news\/index.php?rest_route=\/wp\/v2\/posts"}],"about":[{"href":"https:\/\/www.viamontenapo.com\/mi-news\/index.php?rest_route=\/wp\/v2\/types\/post"}],"author":[{"embeddable":true,"href":"https:\/\/www.viamontenapo.com\/mi-news\/index.php?rest_route=\/wp\/v2\/users\/1"}],"replies":[{"embeddable":true,"href":"https:\/\/www.viamontenapo.com\/mi-news\/index.php?rest_route=%2Fwp%2Fv2%2Fcomments&post=17196"}],"version-history":[{"count":1,"href":"https:\/\/www.viamontenapo.com\/mi-news\/index.php?rest_route=\/wp\/v2\/posts\/17196\/revisions"}],"predecessor-version":[{"id":17197,"href":"https:\/\/www.viamontenapo.com\/mi-news\/index.php?rest_route=\/wp\/v2\/posts\/17196\/revisions\/17197"}],"wp:attachment":[{"href":"https:\/\/www.viamontenapo.com\/mi-news\/index.php?rest_route=%2Fwp%2Fv2%2Fmedia&parent=17196"}],"wp:term":[{"taxonomy":"category","embeddable":true,"href":"https:\/\/www.viamontenapo.com\/mi-news\/index.php?rest_route=%2Fwp%2Fv2%2Fcategories&post=17196"},{"taxonomy":"post_tag","embeddable":true,"href":"https:\/\/www.viamontenapo.com\/mi-news\/index.php?rest_route=%2Fwp%2Fv2%2Ftags&post=17196"}],"curies":[{"name":"wp","href":"https:\/\/api.w.org\/{rel}","templated":true}]}}